{"id":5,"date":"2023-12-12T02:10:33","date_gmt":"2023-12-12T02:10:33","guid":{"rendered":"http:\/\/laertillit.com\/?p=5"},"modified":"2023-12-12T02:10:33","modified_gmt":"2023-12-12T02:10:33","slug":"tienda-de-moda-y-estilo-para-gustos-especiales-confort-y-estilo-para-vivir-2","status":"publish","type":"post","link":"https:\/\/laertillit.com\/?p=5","title":{"rendered":"Tienda de moda y estilo para gustos especiales. Confort y estilo para vivir."},"content":{"rendered":"<div>\n<h1>Tienda de moda y estilo para gustos especiales. Confort y estilo para vivir.<\/h1>\n<p>En nuestra tienda de moda y estilo, nos enorgullece ofrecer una amplia variedad de prendas y accesorios para satisfacer los gustos m\u00e1s especiales. Entendemos que cada persona tiene su propio estilo \u00fanico y queremos ayudarte a expresarlo a trav\u00e9s de nuestra selecci\u00f3n de productos de alta calidad.<\/p>\n<p>Nuestro objetivo principal es brindar confort y estilo a nuestros clientes. Creemos que la moda no debe ser sacrificada en nombre de la comodidad, y viceversa. Por eso, nos esforzamos por encontrar prendas que combinen ambos aspectos, para que puedas lucir bien y sentirte bien al mismo tiempo.<\/p>\n<p>En nuestra tienda, encontrar\u00e1s una amplia gama de opciones para hombres y mujeres, desde ropa casual hasta prendas m\u00e1s formales. Trabajamos con dise\u00f1adores de renombre y marcas reconocidas para asegurarnos de ofrecerte productos de la m\u00e1s alta calidad.<\/p>\n<h2>Moda para gustos especiales<\/h2>\n<p>Sabemos que cada persona tiene gustos y preferencias \u00fanicas cuando se trata de moda. Es por eso que nos esforzamos por tener una amplia variedad de estilos y tendencias en nuestra tienda. Ya sea que te guste un look m\u00e1s cl\u00e1sico y elegante, o prefieras algo m\u00e1s atrevido y vanguardista, tenemos opciones para todos los gustos.<\/p>\n<p>Adem\u00e1s de la ropa, tambi\u00e9n ofrecemos una selecci\u00f3n de accesorios para complementar tu estilo. Desde bolsos y zapatos hasta joyas y sombreros, encontrar\u00e1s todo lo que necesitas para completar tu look.<\/p>\n<h2>Confort y estilo para vivir<\/h2>\n<p>En nuestra tienda, creemos que la moda no debe ser algo inc\u00f3modo o restrictivo. Por eso, seleccionamos cuidadosamente prendas que te permitan moverte con libertad y comodidad, sin comprometer tu estilo personal.<\/p>\n<p>Trabajamos con tejidos de alta calidad que son suaves al tacto y transpirables, para que puedas disfrutar de la m\u00e1xima comodidad durante todo el d\u00eda. Adem\u00e1s, prestamos atenci\u00f3n a los detalles de dise\u00f1o que hacen que nuestras prendas sean \u00fanicas y especiales.<\/p>\n<p>Ya sea que est\u00e9s buscando un atuendo para el trabajo, una ocasi\u00f3n especial o simplemente para el d\u00eda a d\u00eda, en nuestra tienda encontrar\u00e1s opciones que se adaptar\u00e1n a tus necesidades y te permitir\u00e1n expresar tu estilo personal.<\/p>\n<h2>Vis\u00edtanos hoy<\/h2>\n<p>Si est\u00e1s buscando moda y estilo para gustos especiales, te invitamos a visitar nuestra tienda. Nuestro amable personal estar\u00e1 encantado de ayudarte a encontrar las prendas y accesorios perfectos para ti.<\/p>\n<p>Recuerda que la moda no se trata solo de seguir las \u00faltimas tendencias, sino de encontrar tu propio estilo y sentirte c\u00f3modo en tu propia piel. En nuestra tienda, nos esforzamos por ofrecerte opciones que te permitan hacer precisamente eso.<\/p>\n<p>\u00a1Esperamos verte pronto en nuestra tienda de moda y estilo!<\/p>\n<\/div>\n","protected":false},"excerpt":{"rendered":"<p>Tienda de moda y estilo para gustos especiales. Confort y estilo para vivir. En nuestra tienda de moda y estilo,\u2026<\/p>\n","protected":false},"author":1,"featured_media":0,"comment_status":"open","ping_status":"open","sticky":false,"template":"","format":"standard","meta":{"om_disable_all_campaigns":false,"_monsterinsights_skip_tracking":false,"_monsterinsights_sitenote_active":false,"_monsterinsights_sitenote_note":"","_monsterinsights_sitenote_category":0,"jetpack_post_was_ever_published":false,"_jetpack_newsletter_access":"","_jetpack_dont_email_post_to_subs":false,"_jetpack_newsletter_tier_id":0,"_jetpack_memberships_contains_paywalled_content":false,"_jetpack_memberships_contains_paid_content":false,"footnotes":""},"categories":[1],"tags":[],"class_list":["post-5","post","type-post","status-publish","format-standard","hentry","category-blog"],"aioseo_notices":[],"jetpack_featured_media_url":"","jetpack-related-posts":[],"jetpack_sharing_enabled":true,"fimg_url":false,"_links":{"self":[{"href":"https:\/\/laertillit.com\/index.php?rest_route=\/wp\/v2\/posts\/5","targetHints":{"allow":["GET"]}}],"collection":[{"href":"https:\/\/laertillit.com\/index.php?rest_route=\/wp\/v2\/posts"}],"about":[{"href":"https:\/\/laertillit.com\/index.php?rest_route=\/wp\/v2\/types\/post"}],"author":[{"embeddable":true,"href":"https:\/\/laertillit.com\/index.php?rest_route=\/wp\/v2\/users\/1"}],"replies":[{"embeddable":true,"href":"https:\/\/laertillit.com\/index.php?rest_route=%2Fwp%2Fv2%2Fcomments&post=5"}],"version-history":[{"count":0,"href":"https:\/\/laertillit.com\/index.php?rest_route=\/wp\/v2\/posts\/5\/revisions"}],"wp:attachment":[{"href":"https:\/\/laertillit.com\/index.php?rest_route=%2Fwp%2Fv2%2Fmedia&parent=5"}],"wp:term":[{"taxonomy":"category","embeddable":true,"href":"https:\/\/laertillit.com\/index.php?rest_route=%2Fwp%2Fv2%2Fcategories&post=5"},{"taxonomy":"post_tag","embeddable":true,"href":"https:\/\/laertillit.com\/index.php?rest_route=%2Fwp%2Fv2%2Ftags&post=5"}],"curies":[{"name":"wp","href":"https:\/\/api.w.org\/{rel}","templated":true}]}}