{"id":7,"date":"2023-12-12T02:10:38","date_gmt":"2023-12-12T02:10:38","guid":{"rendered":"http:\/\/laertillit.com\/?p=7"},"modified":"2023-12-12T02:10:38","modified_gmt":"2023-12-12T02:10:38","slug":"tienda-de-moda-y-estilo-para-gustos-especiales-confort-y-estilo-para-vivir-4","status":"publish","type":"post","link":"https:\/\/laertillit.com\/?p=7","title":{"rendered":"Tienda de moda y estilo para gustos especiales. Confort y estilo para vivir."},"content":{"rendered":"<div>\n<h1>Tienda de moda y estilo para gustos especiales. Confort y estilo para vivir.<\/h1>\n<p>En nuestra tienda de moda y estilo, nos enorgullece ofrecer una amplia selecci\u00f3n de prendas y accesorios para aquellos que buscan gustos especiales. Nuestro objetivo es brindar confort y estilo para que puedas vivir tu vida al m\u00e1ximo.<\/p>\n<p>Entendemos que cada persona tiene sus propias preferencias y necesidades cuando se trata de moda. Es por eso que nos esforzamos por ofrecer una variedad de opciones que se adapten a diferentes estilos y gustos. Ya sea que busques ropa casual, formal o algo m\u00e1s \u00fanico y extravagante, estamos seguros de que encontrar\u00e1s algo que te encante en nuestra tienda.<\/p>\n<h2>Comodidad sin comprometer el estilo<\/h2>\n<p>Creemos que la moda no tiene por qu\u00e9 ser inc\u00f3moda. Es posible lucir elegante y a la moda sin sacrificar la comodidad. En nuestra tienda, nos aseguramos de seleccionar cuidadosamente prendas y accesorios que sean c\u00f3modos de llevar durante todo el d\u00eda. Utilizamos materiales de alta calidad que son suaves al tacto y permiten una total libertad de movimiento.<\/p>\n<p>Adem\u00e1s, nos esforzamos por ofrecer tallas inclusivas para que todas las personas puedan encontrar prendas que les queden bien y les hagan sentir seguras y confiadas. Nuestro equipo de expertos en moda est\u00e1 siempre dispuesto a brindar asesoramiento personalizado y ayudarte a encontrar el estilo que mejor se adapte a ti.<\/p>\n<h2>Estilo para vivir<\/h2>\n<p>En nuestra tienda, no solo nos preocupamos por la moda, sino tambi\u00e9n por tu estilo de vida. Creemos que la forma en que te vistes es una expresi\u00f3n de tu personalidad y queremos ayudarte a transmitir tu estilo \u00fanico al mundo.<\/p>\n<p>Ya sea que est\u00e9s buscando un look sofisticado para el trabajo, ropa c\u00f3moda para el fin de semana o algo especial para una ocasi\u00f3n especial, tenemos todo lo que necesitas. Nuestra colecci\u00f3n incluye desde prendas b\u00e1sicas y vers\u00e1tiles hasta piezas m\u00e1s llamativas y originales que te ayudar\u00e1n a destacar entre la multitud.<\/p>\n<p>Adem\u00e1s de ropa, tambi\u00e9n ofrecemos una amplia gama de accesorios, como bolsos, zapatos, joyas y m\u00e1s. Estos detalles pueden marcar la diferencia en tu look y ayudarte a completar tu estilo personal.<\/p>\n<h2>Vis\u00edtanos hoy mismo<\/h2>\n<p>Si est\u00e1s buscando una tienda de moda y estilo que se preocupe por tus gustos especiales y te ofrezca confort y estilo para vivir, no busques m\u00e1s. Te invitamos a visitar nuestra tienda y descubrir todo lo que tenemos para ofrecerte.<\/p>\n<p>Nuestro amable personal estar\u00e1 encantado de ayudarte a encontrar las prendas y accesorios perfectos para ti. No importa cu\u00e1l sea tu estilo o preferencia, estamos seguros de que encontrar\u00e1s algo que te haga sentir especial y \u00fanico.<\/p>\n<p>\u00a1Esperamos verte pronto en nuestra tienda de moda y estilo!<\/p>\n<\/div>\n","protected":false},"excerpt":{"rendered":"<p>Tienda de moda y estilo para gustos especiales. Confort y estilo para vivir. En nuestra tienda de moda y estilo,\u2026<\/p>\n","protected":false},"author":1,"featured_media":0,"comment_status":"open","ping_status":"open","sticky":false,"template":"","format":"standard","meta":{"om_disable_all_campaigns":false,"_monsterinsights_skip_tracking":false,"_monsterinsights_sitenote_active":false,"_monsterinsights_sitenote_note":"","_monsterinsights_sitenote_category":0,"jetpack_post_was_ever_published":false,"_jetpack_newsletter_access":"","_jetpack_dont_email_post_to_subs":false,"_jetpack_newsletter_tier_id":0,"_jetpack_memberships_contains_paywalled_content":false,"_jetpack_memberships_contains_paid_content":false,"footnotes":""},"categories":[1],"tags":[],"class_list":["post-7","post","type-post","status-publish","format-standard","hentry","category-blog"],"aioseo_notices":[],"jetpack_featured_media_url":"","jetpack-related-posts":[],"jetpack_sharing_enabled":true,"fimg_url":false,"_links":{"self":[{"href":"https:\/\/laertillit.com\/index.php?rest_route=\/wp\/v2\/posts\/7","targetHints":{"allow":["GET"]}}],"collection":[{"href":"https:\/\/laertillit.com\/index.php?rest_route=\/wp\/v2\/posts"}],"about":[{"href":"https:\/\/laertillit.com\/index.php?rest_route=\/wp\/v2\/types\/post"}],"author":[{"embeddable":true,"href":"https:\/\/laertillit.com\/index.php?rest_route=\/wp\/v2\/users\/1"}],"replies":[{"embeddable":true,"href":"https:\/\/laertillit.com\/index.php?rest_route=%2Fwp%2Fv2%2Fcomments&post=7"}],"version-history":[{"count":0,"href":"https:\/\/laertillit.com\/index.php?rest_route=\/wp\/v2\/posts\/7\/revisions"}],"wp:attachment":[{"href":"https:\/\/laertillit.com\/index.php?rest_route=%2Fwp%2Fv2%2Fmedia&parent=7"}],"wp:term":[{"taxonomy":"category","embeddable":true,"href":"https:\/\/laertillit.com\/index.php?rest_route=%2Fwp%2Fv2%2Fcategories&post=7"},{"taxonomy":"post_tag","embeddable":true,"href":"https:\/\/laertillit.com\/index.php?rest_route=%2Fwp%2Fv2%2Ftags&post=7"}],"curies":[{"name":"wp","href":"https:\/\/api.w.org\/{rel}","templated":true}]}}