{"id":8,"date":"2023-12-12T02:13:27","date_gmt":"2023-12-12T02:13:27","guid":{"rendered":"http:\/\/laertillit.com\/?p=8"},"modified":"2023-12-12T02:13:27","modified_gmt":"2023-12-12T02:13:27","slug":"tienda-de-moda-y-estilo-para-gustos-especiales-confort-y-estilo-para-vivir-5","status":"publish","type":"post","link":"https:\/\/laertillit.com\/?p=8","title":{"rendered":"Tienda de moda y estilo para gustos especiales. Confort y estilo para vivir."},"content":{"rendered":"<div>\n<h1>Tienda de moda y estilo para gustos especiales. Confort y estilo para vivir.<\/h1>\n<p>En nuestra tienda de moda y estilo, nos enorgullece ofrecer una amplia gama de prendas y accesorios dise\u00f1ados especialmente para satisfacer los gustos m\u00e1s exigentes. Nos enfocamos en brindar comodidad y estilo para que puedas vivir tu vida al m\u00e1ximo.<\/p>\n<p>Entendemos que cada persona tiene gustos \u00fanicos y especiales, por lo que nos esforzamos por ofrecer una selecci\u00f3n diversa de productos que se adapten a diferentes estilos y preferencias. Ya sea que busques ropa casual, elegante o deportiva, tenemos lo que necesitas para lucir y sentirte bien en cualquier ocasi\u00f3n.<\/p>\n<h2>Comodidad sin sacrificar el estilo<\/h2>\n<p>Nuestra tienda se destaca por ofrecer prendas que combinan a la perfecci\u00f3n la comodidad y el estilo. Creemos que no deber\u00edas tener que elegir entre uno u otro, por lo que nos aseguramos de que nuestras prendas est\u00e9n confeccionadas con materiales de alta calidad que te brinden la m\u00e1xima comodidad, sin sacrificar el estilo y la elegancia.<\/p>\n<p>Adem\u00e1s, trabajamos con dise\u00f1adores talentosos que est\u00e1n al tanto de las \u00faltimas tendencias de la moda. Esto nos permite ofrecerte prendas modernas y a la moda que te har\u00e1n destacar en cualquier ocasi\u00f3n. Ya sea que est\u00e9s buscando un look casual para el d\u00eda a d\u00eda o un atuendo sofisticado para una ocasi\u00f3n especial, tenemos opciones para todos los gustos.<\/p>\n<h2>Estilo para vivir<\/h2>\n<p>En nuestra tienda, no solo nos preocupamos por ofrecerte prendas de moda, sino que tambi\u00e9n nos enfocamos en brindarte un estilo de vida. Creemos que la moda es una forma de expresi\u00f3n personal y queremos ayudarte a encontrar tu propio estilo \u00fanico.<\/p>\n<p>Adem\u00e1s de ropa y accesorios, tambi\u00e9n ofrecemos consejos de estilo y tendencias en nuestro blog y redes sociales. Queremos ser tu fuente de inspiraci\u00f3n y ayudarte a descubrir nuevas formas de expresarte a trav\u00e9s de la moda.<\/p>\n<p>En resumen, en nuestra tienda de moda y estilo encontrar\u00e1s prendas y accesorios dise\u00f1ados especialmente para gustos especiales. Nos preocupamos por brindarte comodidad sin sacrificar el estilo y queremos ayudarte a encontrar tu propio estilo de vida. \u00a1Ven a visitarnos y descubre todo lo que tenemos para ofrecerte!<\/p>\n<\/div>\n","protected":false},"excerpt":{"rendered":"<p>Tienda de moda y estilo para gustos especiales. Confort y estilo para vivir. En nuestra tienda de moda y estilo,\u2026<\/p>\n","protected":false},"author":1,"featured_media":0,"comment_status":"open","ping_status":"open","sticky":false,"template":"","format":"standard","meta":{"om_disable_all_campaigns":false,"_monsterinsights_skip_tracking":false,"_monsterinsights_sitenote_active":false,"_monsterinsights_sitenote_note":"","_monsterinsights_sitenote_category":0,"jetpack_post_was_ever_published":false,"_jetpack_newsletter_access":"","_jetpack_dont_email_post_to_subs":false,"_jetpack_newsletter_tier_id":0,"_jetpack_memberships_contains_paywalled_content":false,"_jetpack_memberships_contains_paid_content":false,"footnotes":""},"categories":[1],"tags":[],"class_list":["post-8","post","type-post","status-publish","format-standard","hentry","category-blog"],"aioseo_notices":[],"jetpack_featured_media_url":"","jetpack-related-posts":[],"jetpack_sharing_enabled":true,"fimg_url":false,"_links":{"self":[{"href":"https:\/\/laertillit.com\/index.php?rest_route=\/wp\/v2\/posts\/8","targetHints":{"allow":["GET"]}}],"collection":[{"href":"https:\/\/laertillit.com\/index.php?rest_route=\/wp\/v2\/posts"}],"about":[{"href":"https:\/\/laertillit.com\/index.php?rest_route=\/wp\/v2\/types\/post"}],"author":[{"embeddable":true,"href":"https:\/\/laertillit.com\/index.php?rest_route=\/wp\/v2\/users\/1"}],"replies":[{"embeddable":true,"href":"https:\/\/laertillit.com\/index.php?rest_route=%2Fwp%2Fv2%2Fcomments&post=8"}],"version-history":[{"count":0,"href":"https:\/\/laertillit.com\/index.php?rest_route=\/wp\/v2\/posts\/8\/revisions"}],"wp:attachment":[{"href":"https:\/\/laertillit.com\/index.php?rest_route=%2Fwp%2Fv2%2Fmedia&parent=8"}],"wp:term":[{"taxonomy":"category","embeddable":true,"href":"https:\/\/laertillit.com\/index.php?rest_route=%2Fwp%2Fv2%2Fcategories&post=8"},{"taxonomy":"post_tag","embeddable":true,"href":"https:\/\/laertillit.com\/index.php?rest_route=%2Fwp%2Fv2%2Ftags&post=8"}],"curies":[{"name":"wp","href":"https:\/\/api.w.org\/{rel}","templated":true}]}}